{"id":2089,"date":"2025-07-07T16:26:07","date_gmt":"2025-07-07T14:26:07","guid":{"rendered":"https:\/\/esmeralda-alves-therapies.com\/?p=2089"},"modified":"2026-06-17T12:15:02","modified_gmt":"2026-06-17T10:15:02","slug":"qu-est-ce-que-le-feminin-sacre","status":"publish","type":"post","link":"https:\/\/esmeralda-alves-therapies.com\/pt\/qu-est-ce-que-le-feminin-sacre\/","title":{"rendered":"Qu&rsquo;est-ce que le f\u00e9minin sacr\u00e9 ?"},"content":{"rendered":"<p class=\"isSelectedEnd\"><span>Le f\u00e9minin sacr\u00e9 suscite aujourd&rsquo;hui un int\u00e9r\u00eat croissant aupr\u00e8s des femmes en qu\u00eate de sens, d&rsquo;\u00e9quilibre et d&rsquo;authenticit\u00e9. Souvent associ\u00e9 au d\u00e9veloppement personnel et \u00e0 la reconnexion \u00e0 soi, il invite \u00e0 explorer une dimension plus profonde de son \u00eatre, au-del\u00e0 des r\u00f4les et des attentes impos\u00e9s par la soci\u00e9t\u00e9.<\/span><\/p>\n<p class=\"isSelectedEnd\"><span>Contrairement aux id\u00e9es re\u00e7ues, le f\u00e9minin sacr\u00e9 ne concerne pas uniquement la spiritualit\u00e9. Il s&rsquo;agit avant tout d&rsquo;un cheminement personnel permettant de mieux comprendre son fonctionnement int\u00e9rieur, ses \u00e9motions, son intuition et sa relation \u00e0 soi-m\u00eame.<\/span><\/p>\n<p class=\"isSelectedEnd\"><span>\u00c0 Gen\u00e8ve, de nombreuses femmes choisissent aujourd&rsquo;hui d&rsquo;explorer cette approche afin de retrouver davantage d&rsquo;harmonie dans leur vie personnelle, familiale et professionnelle.<\/span><\/p>\n<h2><span>Le f\u00e9minin sacr\u00e9 : une reconnexion \u00e0 soi<\/span><\/h2>\n<p class=\"isSelectedEnd\"><span>Le f\u00e9minin sacr\u00e9 repr\u00e9sente l&rsquo;ensemble des qualit\u00e9s traditionnellement associ\u00e9es \u00e0 l&rsquo;\u00e9nergie f\u00e9minine : l&rsquo;intuition, la sensibilit\u00e9, la cr\u00e9ativit\u00e9, l&rsquo;\u00e9coute, la douceur, la r\u00e9ceptivit\u00e9 et la capacit\u00e9 \u00e0 accueillir les \u00e9motions.<\/span><\/p>\n<p class=\"isSelectedEnd\"><span>Dans notre quotidien souvent rythm\u00e9 par les obligations, les responsabilit\u00e9s et la performance, ces dimensions peuvent parfois \u00eatre mises de c\u00f4t\u00e9. Beaucoup de femmes ressentent alors un d\u00e9calage entre leur vie ext\u00e9rieure et leurs besoins profonds.<\/span><\/p>\n<p class=\"isSelectedEnd\"><span>La <strong><a href=\"https:\/\/esmeralda-alves-therapies.com\/pt\/guerison-sacre-feminin-sante-femme\/\">d\u00e9marche du f\u00e9minin sacr\u00e9<\/a><\/strong> consiste \u00e0 renouer avec ces ressources int\u00e9rieures afin de retrouver un \u00e9quilibre plus juste et plus align\u00e9 avec soi-m\u00eame.<\/span><\/p>\n<h2><span>Pourquoi parle-t-on d&rsquo;\u00e9nergie f\u00e9minine ?<\/span><\/h2>\n<p class=\"isSelectedEnd\"><span>L&rsquo;\u00e9nergie f\u00e9minine ne d\u00e9pend pas du genre. Chaque \u00eatre humain poss\u00e8de \u00e0 la fois une \u00e9nergie f\u00e9minine et une \u00e9nergie masculine.<\/span><\/p>\n<p class=\"isSelectedEnd\"><span>L&rsquo;\u00e9nergie masculine est souvent associ\u00e9e \u00e0 l&rsquo;action, la structure, la logique et l&rsquo;organisation. L&rsquo;\u00e9nergie f\u00e9minine, quant \u00e0 elle, est davantage li\u00e9e \u00e0 l&rsquo;intuition, \u00e0 l&rsquo;\u00e9coute int\u00e9rieure, aux \u00e9motions et \u00e0 la cr\u00e9ativit\u00e9.<\/span><\/p>\n<p class=\"isSelectedEnd\"><span>Le f\u00e9minin sacr\u00e9 ne cherche pas \u00e0 opposer ces deux \u00e9nergies mais plut\u00f4t \u00e0 les r\u00e9\u00e9quilibrer. Lorsque cet \u00e9quilibre est pr\u00e9sent, il devient plus facile de prendre des d\u00e9cisions align\u00e9es, de mieux g\u00e9rer ses \u00e9motions et de d\u00e9velopper une relation plus sereine avec soi-m\u00eame.<\/span><\/p>\n<h2><span>Quels sont les signes d&rsquo;une d\u00e9connexion du f\u00e9minin sacr\u00e9 ?<\/span><\/h2>\n<p class=\"isSelectedEnd\"><span>Certaines femmes ressentent :<\/span><\/p>\n<ul data-spread=\"false\">\n<li><span>une fatigue \u00e9motionnelle persistante ;<\/span><\/li>\n<li><span>une difficult\u00e9 \u00e0 \u00e9couter leurs besoins ;<\/span><\/li>\n<li><span>un manque de confiance en elles ;<\/span><\/li>\n<li><span>des blocages relationnels ;<\/span><\/li>\n<li><span>une perte de sens ;<\/span><\/li>\n<li><span>une difficult\u00e9 \u00e0 exprimer leurs \u00e9motions ;<\/span><\/li>\n<li><span>un sentiment de ne plus \u00eatre en accord avec elles-m\u00eames.<\/span><\/li>\n<\/ul>\n<p class=\"isSelectedEnd\"><span>Ces ressentis ne signifient pas forc\u00e9ment qu&rsquo;il existe un probl\u00e8me. Ils peuvent simplement \u00eatre le signe qu&rsquo;il est temps de ralentir et de porter davantage d&rsquo;attention \u00e0 son monde int\u00e9rieur.<\/span><\/p>\n<h2><span>Comment se reconnecter \u00e0 son f\u00e9minin sacr\u00e9 ?<\/span><\/h2>\n<p class=\"isSelectedEnd\"><span>Chaque parcours est unique, mais certaines pratiques peuvent favoriser cette reconnexion :<\/span><\/p>\n<ul data-spread=\"false\">\n<li><span>la m\u00e9ditation ;<\/span><\/li>\n<li><span>l&rsquo;\u00e9criture intuitive ;<\/span><\/li>\n<li><span>le travail sur les \u00e9motions ;<\/span><\/li>\n<li><span>les soins \u00e9nerg\u00e9tiques ;<\/span><\/li>\n<li><span>le d\u00e9veloppement de l&rsquo;intuition ;<\/span><\/li>\n<li><span>les rituels de reconnexion \u00e0 soi ;<\/span><\/li>\n<li><span>l&rsquo;accompagnement th\u00e9rapeutique.<\/span><\/li>\n<\/ul>\n<p class=\"isSelectedEnd\"><span>L&rsquo;objectif n&rsquo;est pas de devenir quelqu&rsquo;un d&rsquo;autre, mais de retrouver un lien plus profond avec ce que l&rsquo;on est r\u00e9ellement.<\/span><\/p>\n<p class=\"isSelectedEnd\"><span>Cette d\u00e9marche s&rsquo;inscrit souvent dans un processus global de d\u00e9veloppement personnel et de connaissance de soi.<\/span><\/p>\n<h2><span>Le f\u00e9minin sacr\u00e9 et les blessures \u00e9motionnelles<\/span><\/h2>\n<p class=\"isSelectedEnd\"><span>Au cours de la vie, certaines exp\u00e9riences peuvent fragiliser la relation que nous entretenons avec nous-m\u00eames.<\/span><\/p>\n<p class=\"isSelectedEnd\"><span>Les blessures de rejet, d&rsquo;abandon, de trahison ou d&rsquo;humiliation peuvent influencer notre confiance, notre estime personnelle et notre capacit\u00e9 \u00e0 nous affirmer.<\/span><\/p>\n<p class=\"isSelectedEnd\"><span>Explorer le f\u00e9minin sacr\u00e9 permet souvent de porter un regard plus bienveillant sur ces blessures et d&rsquo;entamer un travail de r\u00e9conciliation int\u00e9rieure.<\/span><\/p>\n<p class=\"isSelectedEnd\"><span>Il ne s&rsquo;agit pas d&rsquo;effacer le pass\u00e9, mais d&rsquo;apprendre \u00e0 accueillir son histoire avec davantage de douceur et de compr\u00e9hension.<\/span><\/p>\n<h2><span>Un accompagnement du f\u00e9minin sacr\u00e9 \u00e0 Gen\u00e8ve<\/span><\/h2>\n<p class=\"isSelectedEnd\"><span>De nombreuses femmes ressentent aujourd&rsquo;hui le besoin de se recentrer, de retrouver leur \u00e9quilibre et de mieux comprendre leurs \u00e9motions.<\/span><\/p>\n<p class=\"isSelectedEnd\"><span>L&rsquo;<a href=\"https:\/\/esmeralda-alves-therapies.com\/pt\/\"><strong>accompagnement du f\u00e9minin sacr\u00e9 \u00e0 Gen\u00e8ve<\/strong><\/a> offre un espace d&rsquo;\u00e9coute et d&rsquo;exploration permettant de se reconnecter \u00e0 ses ressources int\u00e9rieures, \u00e0 son intuition et \u00e0 sa puissance personnelle.<\/span><\/p>\n<p class=\"isSelectedEnd\"><span>Chez Esmeralda Alves Th\u00e9rapies, cette d\u00e9marche s&rsquo;inscrit dans une approche globale de bien-\u00eatre, de d\u00e9veloppement personnel et d&rsquo;harmonisation \u00e9motionnelle, dans le respect du rythme et du parcours de chacune.<\/span><\/p>\n<h2><span>Conclusion<\/span><\/h2>\n<p class=\"isSelectedEnd\"><span>Le f\u00e9minin sacr\u00e9 n&rsquo;est pas une tendance ou une m\u00e9thode miracle. Il s&rsquo;agit avant tout d&rsquo;une invitation \u00e0 mieux se conna\u00eetre, \u00e0 \u00e9couter ses besoins profonds et \u00e0 renouer avec ses ressources int\u00e9rieures.<\/span><\/p>\n<p class=\"isSelectedEnd\"><span>En prenant le temps de se reconnecter \u00e0 soi-m\u00eame, il devient possible de d\u00e9velopper davantage de confiance, de s\u00e9r\u00e9nit\u00e9 et d&rsquo;alignement dans tous les domaines de sa vie.<\/span><\/p>\n<p><span>Ce cheminement personnel permet souvent de retrouver une relation plus apais\u00e9e avec soi-m\u00eame et de vivre son quotidien avec davantage de conscience et d&rsquo;authenticit\u00e9.<\/span><\/p>","protected":false},"excerpt":{"rendered":"<p>Le f\u00e9minin sacr\u00e9 suscite aujourd&rsquo;hui un int\u00e9r\u00eat croissant aupr\u00e8s des femmes en qu\u00eate de sens, d&rsquo;\u00e9quilibre et d&rsquo;authenticit\u00e9. Souvent associ\u00e9 au d\u00e9veloppement personnel et \u00e0 la reconnexion \u00e0 soi, il invite \u00e0 explorer une dimension plus profonde de son \u00eatre, au-del\u00e0 des r\u00f4les et des attentes impos\u00e9s par la soci\u00e9t\u00e9. [&hellip;]<\/p>\n","protected":false},"author":26,"featured_media":2934,"comment_status":"closed","ping_status":"open","sticky":false,"template":"","format":"standard","meta":{"_acf_changed":false,"_eb_attr":"","footnotes":"","_members_access_role":[],"_members_access_error":""},"categories":[1],"tags":[],"class_list":["post-2089","post","type-post","status-publish","format-standard","has-post-thumbnail","hentry","category-par-defaut"],"acf":[],"aioseo_notices":[],"aioseo_head":"\n\t\t<!-- All in One SEO 5.0.0.1 - aioseo.com -->\n\t<meta name=\"description\" content=\"D\u00e9couvrez le f\u00e9minin sacr\u00e9, ses origines et comment se reconnecter \u00e0 son \u00e9nergie f\u00e9minine gr\u00e2ce \u00e0 un accompagnement \u00e0 Gen\u00e8ve.\" \/>\n\t<meta name=\"robots\" content=\"max-snippet:-1, max-image-preview:large, max-video-preview:-1\" \/>\n\t<meta name=\"author\" content=\"graph\"\/>\n\t<link rel=\"canonical\" href=\"https:\/\/esmeralda-alves-therapies.com\/pt\/qu-est-ce-que-le-feminin-sacre\/\" \/>\n\t<meta name=\"generator\" content=\"All in One SEO (AIOSEO) 5.0.0.1\" \/>\n\n\t\t<meta name=\"google-site-verification\" content=\"EkwwFYvkWwpfWmeQq2GTseaqnmg4nLxLDxgCdvmi5ms\" \/>\n\t\t<meta property=\"og:locale\" content=\"pt_PT\" \/>\n\t\t<meta property=\"og:site_name\" content=\"NOWA\" \/>\n\t\t<meta property=\"og:type\" content=\"article\" \/>\n\t\t<meta property=\"og:title\" content=\"Qu&#039;est-ce que le f\u00e9minin sacr\u00e9 ? | Accompagnement \u00e0 Gen\u00e8ve\" \/>\n\t\t<meta property=\"og:description\" content=\"D\u00e9couvrez le f\u00e9minin sacr\u00e9, ses origines et comment se reconnecter \u00e0 son \u00e9nergie f\u00e9minine gr\u00e2ce \u00e0 un accompagnement \u00e0 Gen\u00e8ve.\" \/>\n\t\t<meta property=\"og:url\" content=\"https:\/\/esmeralda-alves-therapies.com\/pt\/qu-est-ce-que-le-feminin-sacre\/\" \/>\n\t\t<meta property=\"og:image\" content=\"https:\/\/esmeralda-alves-therapies.com\/wp-content\/uploads\/2025\/07\/Accompagnement-a-Geneve.png\" \/>\n\t\t<meta property=\"og:image:secure_url\" content=\"https:\/\/esmeralda-alves-therapies.com\/wp-content\/uploads\/2025\/07\/Accompagnement-a-Geneve.png\" \/>\n\t\t<meta property=\"og:image:width\" content=\"369\" \/>\n\t\t<meta property=\"og:image:height\" content=\"550\" \/>\n\t\t<meta property=\"article:published_time\" content=\"2025-07-07T14:26:07+00:00\" \/>\n\t\t<meta property=\"article:modified_time\" content=\"2026-06-17T10:15:02+00:00\" \/>\n\t\t<meta name=\"twitter:card\" content=\"summary\" \/>\n\t\t<meta name=\"twitter:title\" content=\"Qu&#039;est-ce que le f\u00e9minin sacr\u00e9 ? | Accompagnement \u00e0 Gen\u00e8ve\" \/>\n\t\t<meta name=\"twitter:description\" content=\"D\u00e9couvrez le f\u00e9minin sacr\u00e9, ses origines et comment se reconnecter \u00e0 son \u00e9nergie f\u00e9minine gr\u00e2ce \u00e0 un accompagnement \u00e0 Gen\u00e8ve.\" \/>\n\t\t<meta name=\"twitter:image\" content=\"https:\/\/esmeralda-alves-therapies.com\/wp-content\/uploads\/2025\/07\/Accompagnement-a-Geneve.png\" \/>\n\t\t<script type=\"application\/ld+json\" class=\"aioseo-schema\">\n\t\t\t{\"@context\":\"https:\\\/\\\/schema.org\",\"@graph\":[{\"@type\":\"Article\",\"@id\":\"https:\\\/\\\/esmeralda-alves-therapies.com\\\/pt\\\/qu-est-ce-que-le-feminin-sacre\\\/#article\",\"name\":\"Qu'est-ce que le f\\u00e9minin sacr\\u00e9 ? | Accompagnement \\u00e0 Gen\\u00e8ve\",\"headline\":\"Qu&rsquo;est-ce que le f\\u00e9minin sacr\\u00e9 ?\",\"author\":{\"@id\":\"https:\\\/\\\/esmeralda-alves-therapies.com\\\/pt\\\/author\\\/graph\\\/#author\"},\"publisher\":{\"@id\":\"https:\\\/\\\/esmeralda-alves-therapies.com\\\/pt\\\/#organization\"},\"image\":{\"@type\":\"ImageObject\",\"url\":\"https:\\\/\\\/esmeralda-alves-therapies.com\\\/wp-content\\\/uploads\\\/2025\\\/07\\\/Accompagnement-a-Geneve.png\",\"width\":369,\"height\":550,\"caption\":\"Qu\\u2019est-ce que le f\\u00e9minin sacr\\u00e9 ?\"},\"datePublished\":\"2025-07-07T16:26:07+02:00\",\"dateModified\":\"2026-06-17T12:15:02+02:00\",\"inLanguage\":\"pt-PT\",\"mainEntityOfPage\":{\"@id\":\"https:\\\/\\\/esmeralda-alves-therapies.com\\\/pt\\\/qu-est-ce-que-le-feminin-sacre\\\/#webpage\"},\"isPartOf\":{\"@id\":\"https:\\\/\\\/esmeralda-alves-therapies.com\\\/pt\\\/qu-est-ce-que-le-feminin-sacre\\\/#webpage\"},\"articleSection\":\"Par d\\u00e9faut\"},{\"@type\":\"BreadcrumbList\",\"@id\":\"https:\\\/\\\/esmeralda-alves-therapies.com\\\/pt\\\/qu-est-ce-que-le-feminin-sacre\\\/#breadcrumblist\",\"itemListElement\":[{\"@type\":\"ListItem\",\"@id\":\"https:\\\/\\\/esmeralda-alves-therapies.com\\\/pt#listItem\",\"position\":1,\"name\":\"Home\",\"item\":\"https:\\\/\\\/esmeralda-alves-therapies.com\\\/pt\",\"nextItem\":{\"@type\":\"ListItem\",\"@id\":\"https:\\\/\\\/esmeralda-alves-therapies.com\\\/pt\\\/category\\\/par-defaut\\\/#listItem\",\"name\":\"Par d\\u00e9faut\"}},{\"@type\":\"ListItem\",\"@id\":\"https:\\\/\\\/esmeralda-alves-therapies.com\\\/pt\\\/category\\\/par-defaut\\\/#listItem\",\"position\":2,\"name\":\"Par d\\u00e9faut\",\"item\":\"https:\\\/\\\/esmeralda-alves-therapies.com\\\/pt\\\/category\\\/par-defaut\\\/\",\"nextItem\":{\"@type\":\"ListItem\",\"@id\":\"https:\\\/\\\/esmeralda-alves-therapies.com\\\/pt\\\/qu-est-ce-que-le-feminin-sacre\\\/#listItem\",\"name\":\"Qu&rsquo;est-ce que le f\\u00e9minin sacr\\u00e9 ?\"},\"previousItem\":{\"@type\":\"ListItem\",\"@id\":\"https:\\\/\\\/esmeralda-alves-therapies.com\\\/pt#listItem\",\"name\":\"Home\"}},{\"@type\":\"ListItem\",\"@id\":\"https:\\\/\\\/esmeralda-alves-therapies.com\\\/pt\\\/qu-est-ce-que-le-feminin-sacre\\\/#listItem\",\"position\":3,\"name\":\"Qu&rsquo;est-ce que le f\\u00e9minin sacr\\u00e9 ?\",\"previousItem\":{\"@type\":\"ListItem\",\"@id\":\"https:\\\/\\\/esmeralda-alves-therapies.com\\\/pt\\\/category\\\/par-defaut\\\/#listItem\",\"name\":\"Par d\\u00e9faut\"}}]},{\"@type\":\"Organization\",\"@id\":\"https:\\\/\\\/esmeralda-alves-therapies.com\\\/pt\\\/#organization\",\"name\":\"NOWA\",\"url\":\"https:\\\/\\\/esmeralda-alves-therapies.com\\\/pt\\\/\",\"logo\":{\"@type\":\"ImageObject\",\"url\":\"https:\\\/\\\/esmeralda-alves-therapies.com\\\/wp-content\\\/uploads\\\/2025\\\/07\\\/cropped-logo-1747302100761-removebg-preview.png\",\"@id\":\"https:\\\/\\\/esmeralda-alves-therapies.com\\\/pt\\\/qu-est-ce-que-le-feminin-sacre\\\/#organizationLogo\",\"width\":500,\"height\":500},\"image\":{\"@id\":\"https:\\\/\\\/esmeralda-alves-therapies.com\\\/pt\\\/qu-est-ce-que-le-feminin-sacre\\\/#organizationLogo\"}},{\"@type\":\"Person\",\"@id\":\"https:\\\/\\\/esmeralda-alves-therapies.com\\\/pt\\\/author\\\/graph\\\/#author\",\"url\":\"https:\\\/\\\/esmeralda-alves-therapies.com\\\/pt\\\/author\\\/graph\\\/\",\"name\":\"graph\",\"image\":{\"@type\":\"ImageObject\",\"@id\":\"https:\\\/\\\/esmeralda-alves-therapies.com\\\/pt\\\/qu-est-ce-que-le-feminin-sacre\\\/#authorImage\",\"url\":\"https:\\\/\\\/secure.gravatar.com\\\/avatar\\\/7f5520d18df578cd925368726d1b876bf5a47e72717fd893a965964167c5c053?s=96&d=mm&r=g\",\"width\":96,\"height\":96,\"caption\":\"graph\"}},{\"@type\":\"WebPage\",\"@id\":\"https:\\\/\\\/esmeralda-alves-therapies.com\\\/pt\\\/qu-est-ce-que-le-feminin-sacre\\\/#webpage\",\"url\":\"https:\\\/\\\/esmeralda-alves-therapies.com\\\/pt\\\/qu-est-ce-que-le-feminin-sacre\\\/\",\"name\":\"Qu'est-ce que le f\\u00e9minin sacr\\u00e9 ? | Accompagnement \\u00e0 Gen\\u00e8ve\",\"description\":\"D\\u00e9couvrez le f\\u00e9minin sacr\\u00e9, ses origines et comment se reconnecter \\u00e0 son \\u00e9nergie f\\u00e9minine gr\\u00e2ce \\u00e0 un accompagnement \\u00e0 Gen\\u00e8ve.\",\"inLanguage\":\"pt-PT\",\"isPartOf\":{\"@id\":\"https:\\\/\\\/esmeralda-alves-therapies.com\\\/pt\\\/#website\"},\"breadcrumb\":{\"@id\":\"https:\\\/\\\/esmeralda-alves-therapies.com\\\/pt\\\/qu-est-ce-que-le-feminin-sacre\\\/#breadcrumblist\"},\"author\":{\"@id\":\"https:\\\/\\\/esmeralda-alves-therapies.com\\\/pt\\\/author\\\/graph\\\/#author\"},\"creator\":{\"@id\":\"https:\\\/\\\/esmeralda-alves-therapies.com\\\/pt\\\/author\\\/graph\\\/#author\"},\"image\":{\"@type\":\"ImageObject\",\"url\":\"https:\\\/\\\/esmeralda-alves-therapies.com\\\/wp-content\\\/uploads\\\/2025\\\/07\\\/Accompagnement-a-Geneve.png\",\"@id\":\"https:\\\/\\\/esmeralda-alves-therapies.com\\\/pt\\\/qu-est-ce-que-le-feminin-sacre\\\/#mainImage\",\"width\":369,\"height\":550,\"caption\":\"Qu\\u2019est-ce que le f\\u00e9minin sacr\\u00e9 ?\"},\"primaryImageOfPage\":{\"@id\":\"https:\\\/\\\/esmeralda-alves-therapies.com\\\/pt\\\/qu-est-ce-que-le-feminin-sacre\\\/#mainImage\"},\"datePublished\":\"2025-07-07T16:26:07+02:00\",\"dateModified\":\"2026-06-17T12:15:02+02:00\"},{\"@type\":\"WebSite\",\"@id\":\"https:\\\/\\\/esmeralda-alves-therapies.com\\\/pt\\\/#website\",\"url\":\"https:\\\/\\\/esmeralda-alves-therapies.com\\\/pt\\\/\",\"name\":\"NOWA\",\"inLanguage\":\"pt-PT\",\"publisher\":{\"@id\":\"https:\\\/\\\/esmeralda-alves-therapies.com\\\/pt\\\/#organization\"}}]}\n\t\t<\/script>\n\t\t<!-- All in One SEO -->\n\n","aioseo_head_json":{"title":"Qu'est-ce que le f\u00e9minin sacr\u00e9 ? | Accompagnement \u00e0 Gen\u00e8ve","description":"D\u00e9couvrez le f\u00e9minin sacr\u00e9, ses origines et comment se reconnecter \u00e0 son \u00e9nergie f\u00e9minine gr\u00e2ce \u00e0 un accompagnement \u00e0 Gen\u00e8ve.","canonical_url":"https:\/\/esmeralda-alves-therapies.com\/pt\/qu-est-ce-que-le-feminin-sacre\/","robots":"max-snippet:-1, max-image-preview:large, max-video-preview:-1","keywords":"","webmasterTools":{"miscellaneous":"&lt;meta name=\"google-site-verification\" content=\"EkwwFYvkWwpfWmeQq2GTseaqnmg4nLxLDxgCdvmi5ms\" \/&gt;"},"schema":{"@context":"https:\/\/schema.org","@graph":[{"@type":"Article","@id":"https:\/\/esmeralda-alves-therapies.com\/pt\/qu-est-ce-que-le-feminin-sacre\/#article","name":"Qu'est-ce que le f\u00e9minin sacr\u00e9 ? | Accompagnement \u00e0 Gen\u00e8ve","headline":"Qu&rsquo;est-ce que le f\u00e9minin sacr\u00e9 ?","author":{"@id":"https:\/\/esmeralda-alves-therapies.com\/pt\/author\/graph\/#author"},"publisher":{"@id":"https:\/\/esmeralda-alves-therapies.com\/pt\/#organization"},"image":{"@type":"ImageObject","url":"https:\/\/esmeralda-alves-therapies.com\/wp-content\/uploads\/2025\/07\/Accompagnement-a-Geneve.png","width":369,"height":550,"caption":"Qu\u2019est-ce que le f\u00e9minin sacr\u00e9 ?"},"datePublished":"2025-07-07T16:26:07+02:00","dateModified":"2026-06-17T12:15:02+02:00","inLanguage":"pt-PT","mainEntityOfPage":{"@id":"https:\/\/esmeralda-alves-therapies.com\/pt\/qu-est-ce-que-le-feminin-sacre\/#webpage"},"isPartOf":{"@id":"https:\/\/esmeralda-alves-therapies.com\/pt\/qu-est-ce-que-le-feminin-sacre\/#webpage"},"articleSection":"Par d\u00e9faut"},{"@type":"BreadcrumbList","@id":"https:\/\/esmeralda-alves-therapies.com\/pt\/qu-est-ce-que-le-feminin-sacre\/#breadcrumblist","itemListElement":[{"@type":"ListItem","@id":"https:\/\/esmeralda-alves-therapies.com\/pt#listItem","position":1,"name":"Home","item":"https:\/\/esmeralda-alves-therapies.com\/pt","nextItem":{"@type":"ListItem","@id":"https:\/\/esmeralda-alves-therapies.com\/pt\/category\/par-defaut\/#listItem","name":"Par d\u00e9faut"}},{"@type":"ListItem","@id":"https:\/\/esmeralda-alves-therapies.com\/pt\/category\/par-defaut\/#listItem","position":2,"name":"Par d\u00e9faut","item":"https:\/\/esmeralda-alves-therapies.com\/pt\/category\/par-defaut\/","nextItem":{"@type":"ListItem","@id":"https:\/\/esmeralda-alves-therapies.com\/pt\/qu-est-ce-que-le-feminin-sacre\/#listItem","name":"Qu&rsquo;est-ce que le f\u00e9minin sacr\u00e9 ?"},"previousItem":{"@type":"ListItem","@id":"https:\/\/esmeralda-alves-therapies.com\/pt#listItem","name":"Home"}},{"@type":"ListItem","@id":"https:\/\/esmeralda-alves-therapies.com\/pt\/qu-est-ce-que-le-feminin-sacre\/#listItem","position":3,"name":"Qu&rsquo;est-ce que le f\u00e9minin sacr\u00e9 ?","previousItem":{"@type":"ListItem","@id":"https:\/\/esmeralda-alves-therapies.com\/pt\/category\/par-defaut\/#listItem","name":"Par d\u00e9faut"}}]},{"@type":"Organization","@id":"https:\/\/esmeralda-alves-therapies.com\/pt\/#organization","name":"NOWA","url":"https:\/\/esmeralda-alves-therapies.com\/pt\/","logo":{"@type":"ImageObject","url":"https:\/\/esmeralda-alves-therapies.com\/wp-content\/uploads\/2025\/07\/cropped-logo-1747302100761-removebg-preview.png","@id":"https:\/\/esmeralda-alves-therapies.com\/pt\/qu-est-ce-que-le-feminin-sacre\/#organizationLogo","width":500,"height":500},"image":{"@id":"https:\/\/esmeralda-alves-therapies.com\/pt\/qu-est-ce-que-le-feminin-sacre\/#organizationLogo"}},{"@type":"Person","@id":"https:\/\/esmeralda-alves-therapies.com\/pt\/author\/graph\/#author","url":"https:\/\/esmeralda-alves-therapies.com\/pt\/author\/graph\/","name":"graph","image":{"@type":"ImageObject","@id":"https:\/\/esmeralda-alves-therapies.com\/pt\/qu-est-ce-que-le-feminin-sacre\/#authorImage","url":"https:\/\/secure.gravatar.com\/avatar\/7f5520d18df578cd925368726d1b876bf5a47e72717fd893a965964167c5c053?s=96&d=mm&r=g","width":96,"height":96,"caption":"graph"}},{"@type":"WebPage","@id":"https:\/\/esmeralda-alves-therapies.com\/pt\/qu-est-ce-que-le-feminin-sacre\/#webpage","url":"https:\/\/esmeralda-alves-therapies.com\/pt\/qu-est-ce-que-le-feminin-sacre\/","name":"Qu'est-ce que le f\u00e9minin sacr\u00e9 ? | Accompagnement \u00e0 Gen\u00e8ve","description":"D\u00e9couvrez le f\u00e9minin sacr\u00e9, ses origines et comment se reconnecter \u00e0 son \u00e9nergie f\u00e9minine gr\u00e2ce \u00e0 un accompagnement \u00e0 Gen\u00e8ve.","inLanguage":"pt-PT","isPartOf":{"@id":"https:\/\/esmeralda-alves-therapies.com\/pt\/#website"},"breadcrumb":{"@id":"https:\/\/esmeralda-alves-therapies.com\/pt\/qu-est-ce-que-le-feminin-sacre\/#breadcrumblist"},"author":{"@id":"https:\/\/esmeralda-alves-therapies.com\/pt\/author\/graph\/#author"},"creator":{"@id":"https:\/\/esmeralda-alves-therapies.com\/pt\/author\/graph\/#author"},"image":{"@type":"ImageObject","url":"https:\/\/esmeralda-alves-therapies.com\/wp-content\/uploads\/2025\/07\/Accompagnement-a-Geneve.png","@id":"https:\/\/esmeralda-alves-therapies.com\/pt\/qu-est-ce-que-le-feminin-sacre\/#mainImage","width":369,"height":550,"caption":"Qu\u2019est-ce que le f\u00e9minin sacr\u00e9 ?"},"primaryImageOfPage":{"@id":"https:\/\/esmeralda-alves-therapies.com\/pt\/qu-est-ce-que-le-feminin-sacre\/#mainImage"},"datePublished":"2025-07-07T16:26:07+02:00","dateModified":"2026-06-17T12:15:02+02:00"},{"@type":"WebSite","@id":"https:\/\/esmeralda-alves-therapies.com\/pt\/#website","url":"https:\/\/esmeralda-alves-therapies.com\/pt\/","name":"NOWA","inLanguage":"pt-PT","publisher":{"@id":"https:\/\/esmeralda-alves-therapies.com\/pt\/#organization"}}]},"og:locale":"pt_PT","og:site_name":"NOWA","og:type":"article","og:title":"Qu'est-ce que le f\u00e9minin sacr\u00e9 ? | Accompagnement \u00e0 Gen\u00e8ve","og:description":"D\u00e9couvrez le f\u00e9minin sacr\u00e9, ses origines et comment se reconnecter \u00e0 son \u00e9nergie f\u00e9minine gr\u00e2ce \u00e0 un accompagnement \u00e0 Gen\u00e8ve.","og:url":"https:\/\/esmeralda-alves-therapies.com\/pt\/qu-est-ce-que-le-feminin-sacre\/","og:image":"https:\/\/esmeralda-alves-therapies.com\/wp-content\/uploads\/2025\/07\/Accompagnement-a-Geneve.png","og:image:secure_url":"https:\/\/esmeralda-alves-therapies.com\/wp-content\/uploads\/2025\/07\/Accompagnement-a-Geneve.png","og:image:width":369,"og:image:height":550,"article:published_time":"2025-07-07T14:26:07+00:00","article:modified_time":"2026-06-17T10:15:02+00:00","twitter:card":"summary","twitter:title":"Qu'est-ce que le f\u00e9minin sacr\u00e9 ? | Accompagnement \u00e0 Gen\u00e8ve","twitter:description":"D\u00e9couvrez le f\u00e9minin sacr\u00e9, ses origines et comment se reconnecter \u00e0 son \u00e9nergie f\u00e9minine gr\u00e2ce \u00e0 un accompagnement \u00e0 Gen\u00e8ve.","twitter:image":"https:\/\/esmeralda-alves-therapies.com\/wp-content\/uploads\/2025\/07\/Accompagnement-a-Geneve.png"},"aioseo_meta_data":{"post_id":"2089","title":"Qu'est-ce que le f\u00e9minin sacr\u00e9 ? | Accompagnement \u00e0 Gen\u00e8ve","description":"D\u00e9couvrez le f\u00e9minin sacr\u00e9, ses origines et comment se reconnecter \u00e0 son \u00e9nergie f\u00e9minine gr\u00e2ce \u00e0 un accompagnement \u00e0 Gen\u00e8ve.","keywords":null,"keyphrases":{"focus":{"keyphrase":"","score":0,"analysis":{"keyphraseInTitle":{"score":0,"maxScore":9,"error":1}}},"additional":[]},"primary_term":null,"canonical_url":null,"og_title":null,"og_description":null,"og_object_type":"default","og_image_type":"default","og_image_url":null,"og_image_width":null,"og_image_height":null,"og_image_custom_url":null,"og_image_custom_fields":null,"og_video":"","og_custom_url":null,"og_article_section":null,"og_article_tags":null,"twitter_use_og":false,"twitter_card":"default","twitter_image_type":"default","twitter_image_url":null,"twitter_image_custom_url":null,"twitter_image_custom_fields":null,"twitter_title":null,"twitter_description":null,"schema":{"blockGraphs":[],"customGraphs":[],"default":{"data":{"Article":[],"Course":[],"Dataset":[],"FAQPage":[],"Movie":[],"Person":[],"Product":[],"ProductReview":[],"Car":[],"Recipe":[],"Service":[],"SoftwareApplication":[],"WebPage":[]},"graphName":"Article","isEnabled":true},"graphs":[]},"schema_type":"default","schema_type_options":null,"pillar_content":false,"robots_default":true,"robots_noindex":false,"robots_noarchive":false,"robots_nosnippet":false,"robots_nofollow":false,"robots_noimageindex":false,"robots_noodp":false,"robots_notranslate":false,"robots_max_snippet":"-1","robots_max_videopreview":"-1","robots_max_imagepreview":"large","priority":null,"frequency":"default","location":null,"local_seo":null,"breadcrumb_settings":null,"limit_modified_date":false,"ai":{"faqs":[],"keyPoints":[],"schemas":[],"titles":[],"descriptions":[],"socialPosts":{"email":[],"linkedin":[],"twitter":[],"facebook":[],"instagram":[]}},"created":"2025-07-07 14:24:46","updated":"2026-06-17 10:59:36","seo_analyzer_scan_date":null,"focus_keyword":null,"additional_keywords":null,"truseo_locale":null},"aioseo_breadcrumb":"<div class=\"aioseo-breadcrumbs\"><span class=\"aioseo-breadcrumb\">\n\t\t\t<a href=\"https:\/\/esmeralda-alves-therapies.com\/pt\" title=\"Home\">Home<\/a>\n\t\t<\/span><span class=\"aioseo-breadcrumb-separator\">&raquo;<\/span><span class=\"aioseo-breadcrumb\">\n\t\t\t<a href=\"https:\/\/esmeralda-alves-therapies.com\/pt\/category\/par-defaut\/\" title=\"Par d\u00e9faut\">Par d\u00e9faut<\/a>\n\t\t<\/span><span class=\"aioseo-breadcrumb-separator\">&raquo;<\/span><span class=\"aioseo-breadcrumb\">\n\t\t\tQu\u2019est-ce que le f\u00e9minin sacr\u00e9 ?\n\t\t<\/span><\/div>","aioseo_breadcrumb_json":[{"label":"Home","link":"https:\/\/esmeralda-alves-therapies.com\/pt"},{"label":"Par d\u00e9faut","link":"https:\/\/esmeralda-alves-therapies.com\/pt\/category\/par-defaut\/"},{"label":"Qu&rsquo;est-ce que le f\u00e9minin sacr\u00e9 ?","link":"https:\/\/esmeralda-alves-therapies.com\/pt\/qu-est-ce-que-le-feminin-sacre\/"}],"_links":{"self":[{"href":"https:\/\/esmeralda-alves-therapies.com\/pt\/nov-apijson\/wp\/v2\/posts\/2089","targetHints":{"allow":["GET"]}}],"collection":[{"href":"https:\/\/esmeralda-alves-therapies.com\/pt\/nov-apijson\/wp\/v2\/posts"}],"about":[{"href":"https:\/\/esmeralda-alves-therapies.com\/pt\/nov-apijson\/wp\/v2\/types\/post"}],"author":[{"embeddable":true,"href":"https:\/\/esmeralda-alves-therapies.com\/pt\/nov-apijson\/wp\/v2\/users\/26"}],"replies":[{"embeddable":true,"href":"https:\/\/esmeralda-alves-therapies.com\/pt\/nov-apijson\/wp\/v2\/comments?post=2089"}],"version-history":[{"count":3,"href":"https:\/\/esmeralda-alves-therapies.com\/pt\/nov-apijson\/wp\/v2\/posts\/2089\/revisions"}],"predecessor-version":[{"id":2831,"href":"https:\/\/esmeralda-alves-therapies.com\/pt\/nov-apijson\/wp\/v2\/posts\/2089\/revisions\/2831"}],"wp:featuredmedia":[{"embeddable":true,"href":"https:\/\/esmeralda-alves-therapies.com\/pt\/nov-apijson\/wp\/v2\/media\/2934"}],"wp:attachment":[{"href":"https:\/\/esmeralda-alves-therapies.com\/pt\/nov-apijson\/wp\/v2\/media?parent=2089"}],"wp:term":[{"taxonomy":"category","embeddable":true,"href":"https:\/\/esmeralda-alves-therapies.com\/pt\/nov-apijson\/wp\/v2\/categories?post=2089"},{"taxonomy":"post_tag","embeddable":true,"href":"https:\/\/esmeralda-alves-therapies.com\/pt\/nov-apijson\/wp\/v2\/tags?post=2089"}],"curies":[{"name":"wp","href":"https:\/\/api.w.org\/{rel}","templated":true}]}}